{"id":2592,"date":"2020-09-19T15:44:00","date_gmt":"2020-09-19T13:44:00","guid":{"rendered":"https:\/\/musiciens-larochelle.com\/?p=2592"},"modified":"2021-03-02T06:21:34","modified_gmt":"2021-03-02T05:21:34","slug":"groupe-de-musique-royan-la-rochelle","status":"publish","type":"post","link":"https:\/\/musiciens-larochelle.com\/index.php\/2020\/09\/19\/groupe-de-musique-royan-la-rochelle\/","title":{"rendered":"Tapis Rouge Mortagne"},"content":{"rendered":"\n<p class=\"has-text-align-center\">Tapis Rouge &#8211; Mortagne sur Gironde &#8211; 19\/09\/2020 <br><a href=\"https:\/\/twitter.com\/DomaineMeunier\" target=\"_blank\" rel=\"noreferrer noopener\">Soir\u00e9e priv\u00e9e &#8211; Au domaine du Meunier<\/a><\/p>\n\n\n\n<div style=\"height:17px\" aria-hidden=\"true\" class=\"wp-block-spacer\"><\/div>\n\n\n\n<div class=\"wp-block-group alignfull has-foreground-background-color has-background\"><div class=\"wp-block-group__inner-container is-layout-flow wp-block-group-is-layout-flow\">\n<div class=\"wp-block-image is-style-default\"><figure class=\"aligncenter size-large\"><img loading=\"lazy\" decoding=\"async\" width=\"748\" height=\"481\" src=\"https:\/\/musiciens-larochelle.com\/wp-content\/uploads\/2020\/09\/orchestre-mortagne-2.jpg\" alt=\"groupe de musique la rochelle\" class=\"wp-image-2822\" srcset=\"https:\/\/musiciens-larochelle.com\/wp-content\/uploads\/2020\/09\/orchestre-mortagne-2.jpg 748w, https:\/\/musiciens-larochelle.com\/wp-content\/uploads\/2020\/09\/orchestre-mortagne-2-300x193.jpg 300w\" sizes=\"auto, (max-width: 748px) 100vw, 748px\" \/><\/figure><\/div>\n<\/div><\/div>\n\n\n\n<div style=\"height:51px\" aria-hidden=\"true\" class=\"wp-block-spacer\"><\/div>\n\n\n<style>.wp-block-kadence-advancedbtn.kt-btns_a6e6fe-0d, .site .entry-content .wp-block-kadence-advancedbtn.kt-btns_a6e6fe-0d, .wp-block-kadence-advancedbtn.kb-btns_a6e6fe-0d, .site .entry-content .wp-block-kadence-advancedbtn.kb-btns_a6e6fe-0d{margin-top:0px;margin-right:0px;margin-bottom:0px;margin-left:0px;}.wp-block-kadence-advancedbtn.kb-btns_a6e6fe-0d{gap:var(--global-kb-gap-xs, 0.5rem );justify-content:flex-start;align-items:center;}.kt-btns_a6e6fe-0d .kt-button{font-weight:normal;font-style:normal;}.kt-btns_a6e6fe-0d .kt-btn-wrap-0{margin-right:20px;}.wp-block-kadence-advancedbtn.kt-btns_a6e6fe-0d .kt-btn-wrap-0 .kt-button{width:300px;color:#555555;font-size:15px;border-color:#555555;border-style:solid;box-shadow:1px 1px 2px 0px rgba(0, 0, 0, 0.2);}.wp-block-kadence-advancedbtn.kt-btns_a6e6fe-0d .kt-btn-wrap-0 .kt-button:hover, .wp-block-kadence-advancedbtn.kt-btns_a6e6fe-0d .kt-btn-wrap-0 .kt-button:focus{color:#ffffff;border-color:#444444;box-shadow:2px 2px 3px 0px rgba(0, 0, 0, 0.4);}.wp-block-kadence-advancedbtn.kt-btns_a6e6fe-0d .kt-btn-wrap-0 .kt-button::before{display:none;}.wp-block-kadence-advancedbtn.kt-btns_a6e6fe-0d .kt-btn-wrap-0 .kt-button:hover, .wp-block-kadence-advancedbtn.kt-btns_a6e6fe-0d .kt-btn-wrap-0 .kt-button:focus{background:#ae2121;}.kt-btns_a6e6fe-0d .kt-btn-wrap-1{margin-right:15px;}.wp-block-kadence-advancedbtn.kt-btns_a6e6fe-0d .kt-btn-wrap-1 .kt-button{width:300px;font-size:15px;border-style:solid;box-shadow:1px 1px 2px 0px rgba(0, 0, 0, 0.2);}.wp-block-kadence-advancedbtn.kt-btns_a6e6fe-0d .kt-btn-wrap-1 .kt-button:hover, .wp-block-kadence-advancedbtn.kt-btns_a6e6fe-0d .kt-btn-wrap-1 .kt-button:focus{border-color:rgba(0, 0, 0, 0.61);box-shadow:2px 2px 3px 0px rgba(0, 0, 0, 0.4);}.wp-block-kadence-advancedbtn.kt-btns_a6e6fe-0d .kt-btn-wrap-1 .kt-button::before{display:none;}.wp-block-kadence-advancedbtn.kt-btns_a6e6fe-0d .kt-btn-wrap-1 .kt-button:hover, .wp-block-kadence-advancedbtn.kt-btns_a6e6fe-0d .kt-btn-wrap-1 .kt-button:focus{background:#b92b2b;}<\/style>\n<div class=\"wp-block-kadence-advancedbtn kt-btn-align-left kt-btn-tablet-align-inherit kt-btn-mobile-align-inherit kt-btns-wrap kt-btns_a6e6fe-0d\"><div class=\"kt-btn-wrap kt-btn-wrap-0\"><a class=\"kt-button button kt-btn-0-action kt-btn-size-standard kt-btn-style-basic kt-btn-svg-show-always kt-btn-has-text-true kt-btn-has-svg-true\" href=\"javascript:history.back()\" style=\"border-radius:5px;border-width:1px;letter-spacing:-0.5px\"><div style=\"display:inline-flex;justify-content:center;align-items:center\" class=\"kt-btn-svg-icon kt-btn-svg-icon-ic_circleLeft kt-btn-side-left\"><svg style=\"display:inline-block;vertical-align:middle\" viewbox=\"0 0 8 8\" height=\"15\" width=\"15\" fill=\"currentColor\" xmlns=\"http:\/\/www.w3.org\/2000\/svg\"><path d=\"M4 0c-2.21 0-4 1.79-4 4s1.79 4 4 4 4-1.79 4-4-1.79-4-4-4zm0 1v2h3v2h-3v2l-3-3 3-3z\"><\/path><\/svg><\/div><span class=\"kt-btn-inner-text\">Retour \u00e0 la page pr\u00e9c\u00e9dente<\/span><\/a><\/div><div class=\"kt-btn-wrap kt-btn-wrap-1\"><a class=\"kt-button button kt-btn-1-action kt-btn-size-standard kt-btn-style-basic kt-btn-svg-show-always kt-btn-has-text-true kt-btn-has-svg-true\" href=\"#\" style=\"border-radius:5px;border-width:1px;letter-spacing:-0.5px\"><div style=\"display:inline-flex;justify-content:center;align-items:center\" class=\"kt-btn-svg-icon kt-btn-svg-icon-ic_circleTop kt-btn-side-left\"><svg style=\"display:inline-block;vertical-align:middle\" viewbox=\"0 0 8 8\" height=\"15\" width=\"15\" fill=\"currentColor\" xmlns=\"http:\/\/www.w3.org\/2000\/svg\"><path d=\"M4 0c-2.21 0-4 1.79-4 4s1.79 4 4 4 4-1.79 4-4-1.79-4-4-4zm0 1l3 3h-2v3h-2v-3h-2l3-3z\"><\/path><\/svg><\/div><span class=\"kt-btn-inner-text\">Menu<\/span><\/a><\/div><\/div>\n","protected":false},"excerpt":{"rendered":"<p>Tapis Rouge &#8211; Mortagne sur Gironde &#8211; 19\/09\/2020 Soir\u00e9e priv\u00e9e &#8211; Au domaine du Meunier<\/p>\n","protected":false},"author":1,"featured_media":2821,"comment_status":"closed","ping_status":"closed","sticky":false,"template":"","format":"standard","meta":{"footnotes":""},"categories":[25,3,4],"tags":[48],"class_list":["post-2592","post","type-post","status-publish","format-standard","has-post-thumbnail","hentry","category-archives","category-soiree-dansante-bal","category-tapis-rouge","tag-mortagne-sur-gironde","entry"],"_links":{"self":[{"href":"https:\/\/musiciens-larochelle.com\/index.php\/wp-json\/wp\/v2\/posts\/2592","targetHints":{"allow":["GET"]}}],"collection":[{"href":"https:\/\/musiciens-larochelle.com\/index.php\/wp-json\/wp\/v2\/posts"}],"about":[{"href":"https:\/\/musiciens-larochelle.com\/index.php\/wp-json\/wp\/v2\/types\/post"}],"author":[{"embeddable":true,"href":"https:\/\/musiciens-larochelle.com\/index.php\/wp-json\/wp\/v2\/users\/1"}],"replies":[{"embeddable":true,"href":"https:\/\/musiciens-larochelle.com\/index.php\/wp-json\/wp\/v2\/comments?post=2592"}],"version-history":[{"count":0,"href":"https:\/\/musiciens-larochelle.com\/index.php\/wp-json\/wp\/v2\/posts\/2592\/revisions"}],"wp:featuredmedia":[{"embeddable":true,"href":"https:\/\/musiciens-larochelle.com\/index.php\/wp-json\/wp\/v2\/media\/2821"}],"wp:attachment":[{"href":"https:\/\/musiciens-larochelle.com\/index.php\/wp-json\/wp\/v2\/media?parent=2592"}],"wp:term":[{"taxonomy":"category","embeddable":true,"href":"https:\/\/musiciens-larochelle.com\/index.php\/wp-json\/wp\/v2\/categories?post=2592"},{"taxonomy":"post_tag","embeddable":true,"href":"https:\/\/musiciens-larochelle.com\/index.php\/wp-json\/wp\/v2\/tags?post=2592"}],"curies":[{"name":"wp","href":"https:\/\/api.w.org\/{rel}","templated":true}]}}