{"id":2765,"date":"2019-07-05T06:38:00","date_gmt":"2019-07-05T04:38:00","guid":{"rendered":"https:\/\/musiciens-larochelle.com\/?p=2765"},"modified":"2021-02-03T18:48:16","modified_gmt":"2021-02-03T17:48:16","slug":"concert-rock-la-rochelle","status":"publish","type":"post","link":"https:\/\/musiciens-larochelle.com\/index.php\/2019\/07\/05\/concert-rock-la-rochelle\/","title":{"rendered":"Concert Rock &#8211; La Rochelle"},"content":{"rendered":"\n<div class=\"wp-block-columns is-layout-flex wp-container-core-columns-is-layout-28f84493 wp-block-columns-is-layout-flex\">\n<div class=\"wp-block-column is-layout-flow wp-block-column-is-layout-flow\" style=\"flex-basis:100%\">\n<div class=\"wp-block-group\"><div class=\"wp-block-group__inner-container is-layout-flow wp-block-group-is-layout-flow\">\n<div class=\"wp-block-group has-primary-background-color has-background\"><div class=\"wp-block-group__inner-container is-layout-flow wp-block-group-is-layout-flow\"><style>.wp-block-kadence-advancedheading.kt-adv-heading_ef5eac-15, .wp-block-kadence-advancedheading.kt-adv-heading_ef5eac-15[data-kb-block=\"kb-adv-heading_ef5eac-15\"]{text-align:center;font-size:41px;font-weight:400;font-style:normal;font-family:Impact, Charcoal, sans-serif;}.wp-block-kadence-advancedheading.kt-adv-heading_ef5eac-15 mark.kt-highlight, .wp-block-kadence-advancedheading.kt-adv-heading_ef5eac-15[data-kb-block=\"kb-adv-heading_ef5eac-15\"] mark.kt-highlight{font-style:normal;color:#f76a0c;-webkit-box-decoration-break:clone;box-decoration-break:clone;padding-top:0px;padding-right:0px;padding-bottom:0px;padding-left:0px;}.wp-block-kadence-advancedheading.kt-adv-heading_ef5eac-15 img.kb-inline-image, .wp-block-kadence-advancedheading.kt-adv-heading_ef5eac-15[data-kb-block=\"kb-adv-heading_ef5eac-15\"] img.kb-inline-image{width:150px;vertical-align:baseline;}<\/style>\n<h2 class=\"kt-adv-heading_ef5eac-15 wp-block-kadence-advancedheading\" data-kb-block=\"kb-adv-heading_ef5eac-15\">Vendredi 5 juillet 2019<\/h2>\n<\/div><\/div>\n<\/div><\/div>\n<\/div>\n<\/div>\n\n\n\n<div class=\"wp-block-group\"><div class=\"wp-block-group__inner-container is-layout-flow wp-block-group-is-layout-flow\">\n<ul class=\"has-foreground-background-color has-background wp-block-list\"><li>Bruno Nou\u00e9 : Chant<\/li><li>Patrick Bujard : Batterie<\/li><li>Marco Darn\u00e8re : Basse<\/li><li>Luc Diabira : Batterie<\/li><li>Bruno Sutre : Claviers<\/li><li>Guest : Ronnie Caryl<\/li><\/ul>\n<\/div><\/div>\n\n\n\n<figure class=\"wp-block-gallery columns-3 is-cropped animated fadeInDown wp-block-gallery-1 is-layout-flex wp-block-gallery-is-layout-flex\"><ul class=\"blocks-gallery-grid\"><li class=\"blocks-gallery-item\"><figure><img loading=\"lazy\" decoding=\"async\" width=\"200\" height=\"250\" src=\"https:\/\/musiciens-larochelle.com\/wp-content\/uploads\/2021\/01\/GR-bubu.jpg\" alt=\"musiciens la rochelle rock\" data-id=\"2299\" data-full-url=\"https:\/\/musiciens-larochelle.com\/wp-content\/uploads\/2021\/01\/GR-bubu.jpg\" data-link=\"https:\/\/musiciens-larochelle.com\/index.php\/groupe-rock-la-rochelle\/gr-bubu\/\" class=\"wp-image-2299\"\/><\/figure><\/li><li class=\"blocks-gallery-item\"><figure><img loading=\"lazy\" decoding=\"async\" width=\"200\" height=\"250\" src=\"https:\/\/musiciens-larochelle.com\/wp-content\/uploads\/2021\/01\/GR-luc.jpg\" alt=\"groupe de rock jonzac\" data-id=\"2294\" data-full-url=\"https:\/\/musiciens-larochelle.com\/wp-content\/uploads\/2021\/01\/GR-luc.jpg\" data-link=\"https:\/\/musiciens-larochelle.com\/index.php\/groupe-rock-la-rochelle\/gr-luc\/\" class=\"wp-image-2294\"\/><\/figure><\/li><li class=\"blocks-gallery-item\"><figure><img loading=\"lazy\" decoding=\"async\" width=\"200\" height=\"250\" src=\"https:\/\/musiciens-larochelle.com\/wp-content\/uploads\/2021\/01\/GR-nono.jpg\" alt=\"groupe rock ile de r\u00e9\" data-id=\"2296\" data-full-url=\"https:\/\/musiciens-larochelle.com\/wp-content\/uploads\/2021\/01\/GR-nono.jpg\" data-link=\"https:\/\/musiciens-larochelle.com\/index.php\/groupe-rock-la-rochelle\/gr-nono\/\" class=\"wp-image-2296\"\/><\/figure><\/li><li class=\"blocks-gallery-item\"><figure><img loading=\"lazy\" decoding=\"async\" width=\"200\" height=\"250\" src=\"https:\/\/musiciens-larochelle.com\/wp-content\/uploads\/2021\/01\/GR-marco.jpg\" alt=\"groupe rock ol\u00e9ron\" data-id=\"2295\" data-full-url=\"https:\/\/musiciens-larochelle.com\/wp-content\/uploads\/2021\/01\/GR-marco.jpg\" data-link=\"https:\/\/musiciens-larochelle.com\/index.php\/groupe-rock-la-rochelle\/gr-marco\/\" class=\"wp-image-2295\"\/><\/figure><\/li><li class=\"blocks-gallery-item\"><figure><img loading=\"lazy\" decoding=\"async\" width=\"452\" height=\"470\" src=\"https:\/\/musiciens-larochelle.com\/wp-content\/uploads\/2021\/01\/logo-GROOVE-accueil-1-1.jpg\" alt=\"groupe rock charente maritime\" data-id=\"2312\" data-full-url=\"https:\/\/musiciens-larochelle.com\/wp-content\/uploads\/2021\/01\/logo-GROOVE-accueil-1-1.jpg\" data-link=\"https:\/\/musiciens-larochelle.com\/index.php\/accueil\/logo-groove-accueil-1-2\/\" class=\"wp-image-2312\" srcset=\"https:\/\/musiciens-larochelle.com\/wp-content\/uploads\/2021\/01\/logo-GROOVE-accueil-1-1.jpg 452w, https:\/\/musiciens-larochelle.com\/wp-content\/uploads\/2021\/01\/logo-GROOVE-accueil-1-1-289x300.jpg 289w\" sizes=\"auto, (max-width: 452px) 100vw, 452px\" \/><\/figure><\/li><li class=\"blocks-gallery-item\"><figure><img loading=\"lazy\" decoding=\"async\" width=\"200\" height=\"250\" src=\"https:\/\/musiciens-larochelle.com\/wp-content\/uploads\/2021\/01\/GR-bruno.jpg\" alt=\"groupe rock la rochelle\" data-id=\"2298\" data-full-url=\"https:\/\/musiciens-larochelle.com\/wp-content\/uploads\/2021\/01\/GR-bruno.jpg\" data-link=\"https:\/\/musiciens-larochelle.com\/index.php\/groupe-rock-la-rochelle\/gr-bruno\/\" class=\"wp-image-2298\"\/><\/figure><\/li><\/ul><\/figure>\n\n\n\n<p><\/p>\n\n\n\n<div class=\"wp-block-image\"><figure class=\"aligncenter size-large\"><img loading=\"lazy\" decoding=\"async\" width=\"768\" height=\"1024\" src=\"https:\/\/musiciens-larochelle.com\/wp-content\/uploads\/2021\/02\/groove-5uillet-2019-768x1024.jpg\" alt=\"groupe de rock rochefort saintes\" class=\"wp-image-2766\" srcset=\"https:\/\/musiciens-larochelle.com\/wp-content\/uploads\/2021\/02\/groove-5uillet-2019-768x1024.jpg 768w, https:\/\/musiciens-larochelle.com\/wp-content\/uploads\/2021\/02\/groove-5uillet-2019-225x300.jpg 225w, https:\/\/musiciens-larochelle.com\/wp-content\/uploads\/2021\/02\/groove-5uillet-2019.jpg 850w\" sizes=\"auto, (max-width: 768px) 100vw, 768px\" \/><figcaption>Groove on the Rock &#8211; Concert priv\u00e9 5 juillet 2019<\/figcaption><\/figure><\/div>\n\n\n<style>.wp-block-kadence-advancedbtn.kt-btns2848_b5a419-bb, .site .entry-content .wp-block-kadence-advancedbtn.kt-btns2848_b5a419-bb, .wp-block-kadence-advancedbtn.kb-btns2848_b5a419-bb, .site .entry-content .wp-block-kadence-advancedbtn.kb-btns2848_b5a419-bb{margin-top:0px;margin-right:0px;margin-bottom:0px;margin-left:0px;}.wp-block-kadence-advancedbtn.kb-btns2848_b5a419-bb{gap:15px;justify-content:flex-start;align-items:center;}.kt-btns2848_b5a419-bb .kt-button{font-weight:normal;font-style:normal;}<\/style>\n<div class=\"wp-block-kadence-advancedbtn kb-buttons-wrap kb-btns2848_b5a419-bb\"><style>.wp-block-kadence-advancedbtn .kb-btn2848_2477dc-80.kb-button, ul.menu .wp-block-kadence-advancedbtn .kb-btn2848_2477dc-80.kb-button{width:300px;}.wp-block-kadence-advancedbtn .kb-btn2848_2477dc-80.kb-button{color:#555555;font-size:15px;letter-spacing:-0.5px;border-top-left-radius:5px;border-top-right-radius:5px;border-bottom-right-radius:5px;border-bottom-left-radius:5px;border-top:1px solid #787777;border-right:1px solid #787777;border-bottom:1px solid #787777;border-left:1px solid #787777;box-shadow:1px 1px 2px 0px rgba(0, 0, 0, 0.2);}.wp-block-kadence-advancedbtn .kb-btn2848_2477dc-80.kb-button:hover, .wp-block-kadence-advancedbtn .kb-btn2848_2477dc-80.kb-button:focus{color:#ffffff;background:#ae2121;border-top-color:#444444;border-top-style:solid;border-right-color:#444444;border-right-style:solid;border-bottom-color:#444444;border-bottom-style:solid;border-left-color:#444444;border-left-style:solid;box-shadow:2px 2px 3px 0px rgba(0, 0, 0, 0.4);}@media all and (max-width: 1024px){.wp-block-kadence-advancedbtn .kb-btn2848_2477dc-80.kb-button{border-top:1px solid #787777;border-right:1px solid #787777;border-bottom:1px solid #787777;border-left:1px solid #787777;}}@media all and (max-width: 1024px){.wp-block-kadence-advancedbtn .kb-btn2848_2477dc-80.kb-button:hover, .wp-block-kadence-advancedbtn .kb-btn2848_2477dc-80.kb-button:focus{border-top-color:#444444;border-top-style:solid;border-right-color:#444444;border-right-style:solid;border-bottom-color:#444444;border-bottom-style:solid;border-left-color:#444444;border-left-style:solid;}}@media all and (max-width: 767px){.wp-block-kadence-advancedbtn .kb-btn2848_2477dc-80.kb-button{border-top:1px solid #787777;border-right:1px solid #787777;border-bottom:1px solid #787777;border-left:1px solid #787777;}.wp-block-kadence-advancedbtn .kb-btn2848_2477dc-80.kb-button:hover, .wp-block-kadence-advancedbtn .kb-btn2848_2477dc-80.kb-button:focus{border-top-color:#444444;border-top-style:solid;border-right-color:#444444;border-right-style:solid;border-bottom-color:#444444;border-bottom-style:solid;border-left-color:#444444;border-left-style:solid;}}<\/style><a class=\"kb-button kt-button button kb-btn2848_2477dc-80 kt-btn-size-standard kt-btn-width-type-fixed kb-btn-global-outline  kt-btn-has-text-true kt-btn-has-svg-true  wp-block-kadence-singlebtn\" href=\"\"><span class=\"kb-svg-icon-wrap kb-svg-icon-ic_circleLeft kt-btn-icon-side-left\"><svg viewBox=\"0 0 8 8\"  fill=\"currentColor\" xmlns=\"http:\/\/www.w3.org\/2000\/svg\"  aria-hidden=\"true\"><path d=\"M4 0c-2.21 0-4 1.79-4 4s1.79 4 4 4 4-1.79 4-4-1.79-4-4-4zm0 1v2h3v2h-3v2l-3-3 3-3z\"\/><\/svg><\/span><span class=\"kt-btn-inner-text\">Retour \u00e0 la page pr\u00e9c\u00e9dente<\/span><\/a>\n\n<style>.wp-block-kadence-advancedbtn .kb-btn2848_f1d92b-c0.kb-button, ul.menu .wp-block-kadence-advancedbtn .kb-btn2848_f1d92b-c0.kb-button{width:300px;}.wp-block-kadence-advancedbtn .kb-btn2848_f1d92b-c0.kb-button{font-size:15px;letter-spacing:-0.5px;border-top-left-radius:5px;border-top-right-radius:5px;border-bottom-right-radius:5px;border-bottom-left-radius:5px;border-top:1px solid #787777;border-right:1px solid #787777;border-bottom:1px solid #787777;border-left:1px solid #787777;box-shadow:1px 1px 2px 0px rgba(0, 0, 0, 0.2);}.wp-block-kadence-advancedbtn .kb-btn2848_f1d92b-c0.kb-button:hover, .wp-block-kadence-advancedbtn .kb-btn2848_f1d92b-c0.kb-button:focus{background:#b92b2b;border-top-color:rgba(0, 0, 0, 0.61);border-top-style:solid;border-right-color:rgba(0, 0, 0, 0.61);border-right-style:solid;border-bottom-color:rgba(0, 0, 0, 0.61);border-bottom-style:solid;border-left-color:rgba(0, 0, 0, 0.61);border-left-style:solid;box-shadow:2px 2px 3px 0px rgba(0, 0, 0, 0.4);}@media all and (max-width: 1024px){.wp-block-kadence-advancedbtn .kb-btn2848_f1d92b-c0.kb-button{border-top:1px solid #787777;border-right:1px solid #787777;border-bottom:1px solid #787777;border-left:1px solid #787777;}}@media all and (max-width: 1024px){.wp-block-kadence-advancedbtn .kb-btn2848_f1d92b-c0.kb-button:hover, .wp-block-kadence-advancedbtn .kb-btn2848_f1d92b-c0.kb-button:focus{border-top-color:rgba(0, 0, 0, 0.61);border-top-style:solid;border-right-color:rgba(0, 0, 0, 0.61);border-right-style:solid;border-bottom-color:rgba(0, 0, 0, 0.61);border-bottom-style:solid;border-left-color:rgba(0, 0, 0, 0.61);border-left-style:solid;}}@media all and (max-width: 767px){.wp-block-kadence-advancedbtn .kb-btn2848_f1d92b-c0.kb-button{border-top:1px solid #787777;border-right:1px solid #787777;border-bottom:1px solid #787777;border-left:1px solid #787777;}.wp-block-kadence-advancedbtn .kb-btn2848_f1d92b-c0.kb-button:hover, .wp-block-kadence-advancedbtn .kb-btn2848_f1d92b-c0.kb-button:focus{border-top-color:rgba(0, 0, 0, 0.61);border-top-style:solid;border-right-color:rgba(0, 0, 0, 0.61);border-right-style:solid;border-bottom-color:rgba(0, 0, 0, 0.61);border-bottom-style:solid;border-left-color:rgba(0, 0, 0, 0.61);border-left-style:solid;}}<\/style><a class=\"kb-button kt-button button kb-btn2848_f1d92b-c0 kt-btn-size-standard kt-btn-width-type-fixed kb-btn-global-outline  kt-btn-has-text-true kt-btn-has-svg-true  wp-block-kadence-singlebtn\" href=\"#top\"><span class=\"kb-svg-icon-wrap kb-svg-icon-ic_circleTop kt-btn-icon-side-left\"><svg viewBox=\"0 0 8 8\"  fill=\"currentColor\" xmlns=\"http:\/\/www.w3.org\/2000\/svg\"  aria-hidden=\"true\"><path d=\"M4 0c-2.21 0-4 1.79-4 4s1.79 4 4 4 4-1.79 4-4-1.79-4-4-4zm0 1l3 3h-2v3h-2v-3h-2l3-3z\"\/><\/svg><\/span><span class=\"kt-btn-inner-text\">Menu<\/span><\/a><\/div>\n","protected":false},"excerpt":{"rendered":"<p>Vendredi 5 juillet 2019 Bruno Nou\u00e9 : Chant Patrick Bujard : Batterie Marco Darn\u00e8re : Basse Luc Diabira : Batterie Bruno Sutre : Claviers Guest : Ronnie Caryl<\/p>\n","protected":false},"author":1,"featured_media":2954,"comment_status":"closed","ping_status":"closed","sticky":false,"template":"","format":"standard","meta":{"footnotes":""},"categories":[25,2,5],"tags":[13,58],"class_list":["post-2765","post","type-post","status-publish","format-standard","has-post-thumbnail","hentry","category-archives","category-concert","category-groove-on-the-rock","tag-la-rochelle","tag-soiree-privee","entry"],"_links":{"self":[{"href":"https:\/\/musiciens-larochelle.com\/index.php\/wp-json\/wp\/v2\/posts\/2765","targetHints":{"allow":["GET"]}}],"collection":[{"href":"https:\/\/musiciens-larochelle.com\/index.php\/wp-json\/wp\/v2\/posts"}],"about":[{"href":"https:\/\/musiciens-larochelle.com\/index.php\/wp-json\/wp\/v2\/types\/post"}],"author":[{"embeddable":true,"href":"https:\/\/musiciens-larochelle.com\/index.php\/wp-json\/wp\/v2\/users\/1"}],"replies":[{"embeddable":true,"href":"https:\/\/musiciens-larochelle.com\/index.php\/wp-json\/wp\/v2\/comments?post=2765"}],"version-history":[{"count":0,"href":"https:\/\/musiciens-larochelle.com\/index.php\/wp-json\/wp\/v2\/posts\/2765\/revisions"}],"wp:featuredmedia":[{"embeddable":true,"href":"https:\/\/musiciens-larochelle.com\/index.php\/wp-json\/wp\/v2\/media\/2954"}],"wp:attachment":[{"href":"https:\/\/musiciens-larochelle.com\/index.php\/wp-json\/wp\/v2\/media?parent=2765"}],"wp:term":[{"taxonomy":"category","embeddable":true,"href":"https:\/\/musiciens-larochelle.com\/index.php\/wp-json\/wp\/v2\/categories?post=2765"},{"taxonomy":"post_tag","embeddable":true,"href":"https:\/\/musiciens-larochelle.com\/index.php\/wp-json\/wp\/v2\/tags?post=2765"}],"curies":[{"name":"wp","href":"https:\/\/api.w.org\/{rel}","templated":true}]}}